{"id":79756,"date":"2021-04-21T08:05:00","date_gmt":"2021-04-21T08:05:00","guid":{"rendered":"https:\/\/lumerestaurante.com\/las-terrazas-han-llegado-para-quedarse-todo-el-ano\/"},"modified":"2025-06-23T10:18:37","modified_gmt":"2025-06-23T10:18:37","slug":"las-terrazas-han-llegado-para-quedarse-todo-el-ano","status":"publish","type":"post","link":"https:\/\/lumerestaurante.com\/de\/las-terrazas-han-llegado-para-quedarse-todo-el-ano\/","title":{"rendered":"Terrassen sind gekommen, um zu bleiben (das ganze Jahr \u00fcber)"},"content":{"rendered":"\n<p>Terrassen wurden lange Zeit als nettes Extra betrachtet \u2013 etwas, das in bestimmten Jahreszeiten, vor allem im Sommer, G\u00e4ste anzog und alle Arten von Veranstaltungen erm\u00f6glichte.<\/p>\n\n<p>Die neue Normalit\u00e4t hat dieses Extra jedoch zu einem wertvollen Merkmal gemacht, das in vielen F\u00e4llen dar\u00fcber entscheidet, ob ein Restaurant \u00f6ffnen kann oder nicht. Anstatt es als Nachteil zu sehen, haben wir in einigen <strong>Restaurants mit Terrasse auf Mallorca<\/strong> wie Lume &amp; Co diese Notwendigkeit als Chance genutzt, unsere Einrichtungen weiter zu optimieren. <\/p>\n\n<p>Offene Bereiche wie unserer schaffen eine besonders gem\u00fctliche Atmosph\u00e4re, in der sich unsere G\u00e4ste wie zu Hause f\u00fchlen. Wer <a href=\"https:\/\/lumerestaurante.com\/de\/fotogalerie\/\">unsere Terrasse<\/a> schon besucht hat, wei\u00df, dass sie eine Mischung aus skandinavischem und minimalistischem Stil mit einem frischen, mediterranen Touch ist, der zur Entspannung einl\u00e4dt. <\/p>\n\n<p>Dazu tr\u00e4gt auch der Charme der traditionellen mallorquinischen Steinmauern unseres historischen Geb\u00e4udes bei.<\/p>\n\n<p><img fetchpriority=\"high\" decoding=\"async\" src=\"http:\/\/lumerestaurante.com\/wp-content\/uploads\/2021\/04\/LUME-13-1-scaled.jpg\" alt=\"\" width=\"2560\" height=\"1709\" srcset=\"https:\/\/www.lumerestaurante.com\/wp-content\/uploads\/2021\/04\/LUME-13-1-scaled.jpg 2560w, https:\/\/www.lumerestaurante.com\/wp-content\/uploads\/2021\/04\/LUME-13-1-768x513.jpg 768w, https:\/\/www.lumerestaurante.com\/wp-content\/uploads\/2021\/04\/LUME-13-1-1536x1025.jpg 1536w, https:\/\/www.lumerestaurante.com\/wp-content\/uploads\/2021\/04\/LUME-13-1-2048x1367.jpg 2048w\"\/>Ein weiteres Detail, das uns hilft, die romantische Stimmung zu erzeugen, die viele unserer G\u00e4ste suchen \u2013 besonders Paare, die einen besonderen Anlass feiern \u2013, ist die W\u00e4rme, die wir an Fr\u00fchlingsabenden mit kleinen Feuerstellen verbreiten.<\/p>\n\n<p>Diese intime Atmosph\u00e4re f\u00fchrt h\u00e4ufig dazu, dass unsere G\u00e4ste den Abend mit einem k\u00f6stlichen Glas <a href=\"https:\/\/web.winerim.com\/lumeco\/wines\">Wein<\/a> unter den Sternen verl\u00e4ngern.<\/p>\n\n<p><img decoding=\"async\" src=\"http:\/\/lumerestaurante.com\/wp-content\/uploads\/2021\/04\/LUME_-12-scaled.jpg\" alt=\"\" width=\"2560\" height=\"1709\" srcset=\"https:\/\/www.lumerestaurante.com\/wp-content\/uploads\/2021\/04\/LUME_-12-scaled.jpg 2560w, https:\/\/www.lumerestaurante.com\/wp-content\/uploads\/2021\/04\/LUME_-12-768x513.jpg 768w, https:\/\/www.lumerestaurante.com\/wp-content\/uploads\/2021\/04\/LUME_-12-1536x1025.jpg 1536w, https:\/\/www.lumerestaurante.com\/wp-content\/uploads\/2021\/04\/LUME_-12-2048x1367.jpg 2048w\"\/>Doch die Vorteile von Terrassen gehen weit dar\u00fcber hinaus. Wenn Sie Kinder haben, kennen Sie das Dilemma, mit ihnen ausw\u00e4rts essen zu gehen: Kinder lieben es zwar, unterwegs zu sein, aber sie wollen vor allem spielen. Deshalb reservieren viele Familien bei uns einen Tisch auf der Terrasse.   <\/p>\n\n<p>So k\u00f6nnen die Kleinen nach dem Essen aufstehen und spielen, w\u00e4hrend die Eltern sie aus der Ferne im Blick behalten, ohne ihren Platz verlassen zu m\u00fcssen.<\/p>\n\n<p>Wenn Sie also <strong>nach einem Restaurant mit Terrasse auf Mallorca suchen<\/strong>, sollten Sie nicht vergessen, zu pr\u00fcfen, ob es einen Kinderbereich wie unseren gibt. Damit sowohl Erwachsene als auch Kinder das Erlebnis genie\u00dfen k\u00f6nnen, ist das wichtig. <\/p>\n\n<p><img decoding=\"async\" src=\"http:\/\/lumerestaurante.com\/wp-content\/uploads\/2021\/04\/23072020-LUME-5-scaled.jpg\" alt=\"\" width=\"2560\" height=\"1707\" srcset=\"https:\/\/www.lumerestaurante.com\/wp-content\/uploads\/2021\/04\/23072020-LUME-5-scaled.jpg 2560w, https:\/\/www.lumerestaurante.com\/wp-content\/uploads\/2021\/04\/23072020-LUME-5-768x512.jpg 768w, https:\/\/www.lumerestaurante.com\/wp-content\/uploads\/2021\/04\/23072020-LUME-5-1536x1024.jpg 1536w, https:\/\/www.lumerestaurante.com\/wp-content\/uploads\/2021\/04\/23072020-LUME-5-2048x1365.jpg 2048w\"\/>Aber abgesehen von all diesen Aspekten entscheiden sich die meisten Menschen heute aus Sicherheitsgr\u00fcnden f\u00fcr ein Restaurant mit Terrasse.<\/p>\n\n<p>Erstens best\u00e4tigen Studien zahlreicher Forscher, dass Ansteckungen im Freien weitaus unwahrscheinlicher sind als in Innenr\u00e4umen, wo sich die Luft st\u00e4rker konzentriert und die \u00dcbertragung von Aerosolen erleichtert.<\/p>\n\n<p>Und zweitens ist es auf gro\u00dfen Terrassen wie unserer m\u00f6glich, den empfohlenen Abstand von 1,5 bis 2 Metern zwischen den Tischen einzuhalten.<\/p>\n\n<p>An diese Gewohnheit haben wir uns so sehr gew\u00f6hnt, dass wir uns ohne sie unwohl f\u00fchlen w\u00fcrden.<br\/>Wer h\u00e4tte das gedacht!<\/p>\n\n<p>Man darf gespannt sein, wie sich unsere Kultur in Zukunft entwickelt: Kehren wir zu den alten Gewohnheiten zur\u00fcck, bei denen man sich bei Gro\u00dfveranstaltungen dicht an dicht dr\u00e4ngte, oder behalten wir diesen Abstand bei, den wir psychologisch verinnerlicht haben.<\/p>\n\n<p><img loading=\"lazy\" decoding=\"async\" src=\"http:\/\/lumerestaurante.com\/wp-content\/uploads\/2021\/04\/LUME-26-scaled.jpg\" alt=\"\" width=\"2560\" height=\"1709\" srcset=\"https:\/\/www.lumerestaurante.com\/wp-content\/uploads\/2021\/04\/LUME-26-scaled.jpg 2560w, https:\/\/www.lumerestaurante.com\/wp-content\/uploads\/2021\/04\/LUME-26-768x513.jpg 768w, https:\/\/www.lumerestaurante.com\/wp-content\/uploads\/2021\/04\/LUME-26-1536x1025.jpg 1536w, https:\/\/www.lumerestaurante.com\/wp-content\/uploads\/2021\/04\/LUME-26-2048x1367.jpg 2048w\"\/>Nach dieser ausf\u00fchrlichen Erl\u00e4uterung, warum Terrassen gekommen sind, um zu bleiben, haben wir noch ein letztes Argument, das Sie \u2013 falls Sie noch Zweifel haben \u2013 \u00fcberzeugen wird. Zumindest im Fall unseres <strong>charmanten Restaurants auf Mallorca<\/strong>, Lume &amp; Co. <\/p>\n\n<p>Wir haben ein Ass im \u00c4rmel, das es erm\u00f6glicht, die Terrasse das ganze Jahr \u00fcber zu nutzen. Dieser Trumpf ist unser \u00fcberdachter, eleganter Pavillon, der selbst an Regentagen oder an hei\u00dfen Mittagsstunden im Sommer f\u00fcr gesch\u00fctzte Sitzpl\u00e4tze sorgt. <\/p>\n\n<p>Wenn Sie auf Mallorca leben oder uns besuchen und \u2013 wie viele andere \u2013 nach <strong>einem Restaurant mit Terrasse suchen<\/strong>, kommen Sie und entdecken Sie unsere. Sie werden viele Gr\u00fcnde finden, wiederzukommen. Unter anderem unsere k\u00f6stliche <a href=\"https:\/\/lumerestaurante.com\/de\/menu\/\">Speisekarte<\/a> mit einigen <strong>der besten <a href=\"https:\/\/lumerestaurante.com\/de\/?page_id=79297\">Rindfleischsorten<\/a> Mallorcas<\/strong>. Wir freuen uns auf Sie!  <\/p>\n","protected":false},"excerpt":{"rendered":"<p>Terrassen wurden lange Zeit als nettes Extra betrachtet \u2013 etwas, das in bestimmten Jahreszeiten, vor allem im Sommer, G\u00e4ste anzog und alle Arten von Veranstaltungen erm\u00f6glichte. Die neue Normalit\u00e4t hat&hellip;<\/p>\n","protected":false},"author":1,"featured_media":18954,"comment_status":"open","ping_status":"open","sticky":false,"template":"","format":"standard","meta":{"inline_featured_image":false,"footnotes":""},"categories":[317],"tags":[],"class_list":["post-79756","post","type-post","status-publish","format-standard","has-post-thumbnail","hentry","category-unsere-produkte"],"yoast_head":"<!-- This site is optimized with the Yoast SEO plugin v25.2 - https:\/\/yoast.com\/wordpress\/plugins\/seo\/ -->\n<title>Terrassen sind gekommen, um zu bleiben (das ganze Jahr \u00fcber) &#8212; Lume &amp; Co<\/title>\n<meta name=\"robots\" content=\"index, follow, max-snippet:-1, max-image-preview:large, max-video-preview:-1\" \/>\n<link rel=\"canonical\" href=\"https:\/\/lumerestaurante.com\/de\/las-terrazas-han-llegado-para-quedarse-todo-el-ano\/\" \/>\n<meta property=\"og:locale\" content=\"de_DE\" \/>\n<meta property=\"og:type\" content=\"article\" \/>\n<meta property=\"og:title\" content=\"Terrassen sind gekommen, um zu bleiben (das ganze Jahr \u00fcber) &#8212; Lume &amp; Co\" \/>\n<meta property=\"og:description\" content=\"Terrassen wurden lange Zeit als nettes Extra betrachtet \u2013 etwas, das in bestimmten Jahreszeiten, vor allem im Sommer, G\u00e4ste anzog und alle Arten von Veranstaltungen erm\u00f6glichte. Die neue Normalit\u00e4t hat&hellip;\" \/>\n<meta property=\"og:url\" content=\"https:\/\/lumerestaurante.com\/de\/las-terrazas-han-llegado-para-quedarse-todo-el-ano\/\" \/>\n<meta property=\"og:site_name\" content=\"Lume &amp; Co\" \/>\n<meta property=\"article:publisher\" content=\"https:\/\/www.facebook.com\/LumeAndCo\/\" \/>\n<meta property=\"article:published_time\" content=\"2021-04-21T08:05:00+00:00\" \/>\n<meta property=\"article:modified_time\" content=\"2025-06-23T10:18:37+00:00\" \/>\n<meta property=\"og:image\" content=\"https:\/\/lumerestaurante.com\/wp-content\/uploads\/2024\/11\/LUME-13-1-scaled-uai-2560x1440-1.jpg\" \/>\n\t<meta property=\"og:image:width\" content=\"1920\" \/>\n\t<meta property=\"og:image:height\" content=\"1080\" \/>\n\t<meta property=\"og:image:type\" content=\"image\/jpeg\" \/>\n<meta name=\"author\" content=\"admin\" \/>\n<meta name=\"twitter:card\" content=\"summary_large_image\" \/>\n<meta name=\"twitter:label1\" content=\"Verfasst von\" \/>\n\t<meta name=\"twitter:data1\" content=\"admin\" \/>\n\t<meta name=\"twitter:label2\" content=\"Gesch\u00e4tzte Lesezeit\" \/>\n\t<meta name=\"twitter:data2\" content=\"3\u00a0Minuten\" \/>\n<script type=\"application\/ld+json\" class=\"yoast-schema-graph\">{\"@context\":\"https:\/\/schema.org\",\"@graph\":[{\"@type\":\"Article\",\"@id\":\"https:\/\/lumerestaurante.com\/de\/las-terrazas-han-llegado-para-quedarse-todo-el-ano\/#article\",\"isPartOf\":{\"@id\":\"https:\/\/lumerestaurante.com\/de\/las-terrazas-han-llegado-para-quedarse-todo-el-ano\/\"},\"author\":{\"name\":\"admin\",\"@id\":\"https:\/\/lumerestaurante.com\/de\/#\/schema\/person\/b0e2b6dea2fbbe27a1fd2de7556bb564\"},\"headline\":\"Terrassen sind gekommen, um zu bleiben (das ganze Jahr \u00fcber)\",\"datePublished\":\"2021-04-21T08:05:00+00:00\",\"dateModified\":\"2025-06-23T10:18:37+00:00\",\"mainEntityOfPage\":{\"@id\":\"https:\/\/lumerestaurante.com\/de\/las-terrazas-han-llegado-para-quedarse-todo-el-ano\/\"},\"wordCount\":609,\"commentCount\":0,\"publisher\":{\"@id\":\"https:\/\/lumerestaurante.com\/de\/#organization\"},\"image\":{\"@id\":\"https:\/\/lumerestaurante.com\/de\/las-terrazas-han-llegado-para-quedarse-todo-el-ano\/#primaryimage\"},\"thumbnailUrl\":\"https:\/\/lumerestaurante.com\/wp-content\/uploads\/2024\/11\/LUME-13-1-scaled-uai-2560x1440-1.jpg\",\"articleSection\":[\"Unsere Produkte\"],\"inLanguage\":\"de\",\"potentialAction\":[{\"@type\":\"CommentAction\",\"name\":\"Comment\",\"target\":[\"https:\/\/lumerestaurante.com\/de\/las-terrazas-han-llegado-para-quedarse-todo-el-ano\/#respond\"]}]},{\"@type\":\"WebPage\",\"@id\":\"https:\/\/lumerestaurante.com\/de\/las-terrazas-han-llegado-para-quedarse-todo-el-ano\/\",\"url\":\"https:\/\/lumerestaurante.com\/de\/las-terrazas-han-llegado-para-quedarse-todo-el-ano\/\",\"name\":\"Terrassen sind gekommen, um zu bleiben (das ganze Jahr \u00fcber) &#8212; Lume &amp; Co\",\"isPartOf\":{\"@id\":\"https:\/\/lumerestaurante.com\/de\/#website\"},\"primaryImageOfPage\":{\"@id\":\"https:\/\/lumerestaurante.com\/de\/las-terrazas-han-llegado-para-quedarse-todo-el-ano\/#primaryimage\"},\"image\":{\"@id\":\"https:\/\/lumerestaurante.com\/de\/las-terrazas-han-llegado-para-quedarse-todo-el-ano\/#primaryimage\"},\"thumbnailUrl\":\"https:\/\/lumerestaurante.com\/wp-content\/uploads\/2024\/11\/LUME-13-1-scaled-uai-2560x1440-1.jpg\",\"datePublished\":\"2021-04-21T08:05:00+00:00\",\"dateModified\":\"2025-06-23T10:18:37+00:00\",\"breadcrumb\":{\"@id\":\"https:\/\/lumerestaurante.com\/de\/las-terrazas-han-llegado-para-quedarse-todo-el-ano\/#breadcrumb\"},\"inLanguage\":\"de\",\"potentialAction\":[{\"@type\":\"ReadAction\",\"target\":[\"https:\/\/lumerestaurante.com\/de\/las-terrazas-han-llegado-para-quedarse-todo-el-ano\/\"]}]},{\"@type\":\"ImageObject\",\"inLanguage\":\"de\",\"@id\":\"https:\/\/lumerestaurante.com\/de\/las-terrazas-han-llegado-para-quedarse-todo-el-ano\/#primaryimage\",\"url\":\"https:\/\/lumerestaurante.com\/wp-content\/uploads\/2024\/11\/LUME-13-1-scaled-uai-2560x1440-1.jpg\",\"contentUrl\":\"https:\/\/lumerestaurante.com\/wp-content\/uploads\/2024\/11\/LUME-13-1-scaled-uai-2560x1440-1.jpg\",\"width\":1920,\"height\":1080},{\"@type\":\"BreadcrumbList\",\"@id\":\"https:\/\/lumerestaurante.com\/de\/las-terrazas-han-llegado-para-quedarse-todo-el-ano\/#breadcrumb\",\"itemListElement\":[{\"@type\":\"ListItem\",\"position\":1,\"name\":\"Portada\",\"item\":\"https:\/\/lumerestaurante.com\/de\/\"},{\"@type\":\"ListItem\",\"position\":2,\"name\":\"Terrassen sind gekommen, um zu bleiben (das ganze Jahr \u00fcber)\"}]},{\"@type\":\"WebSite\",\"@id\":\"https:\/\/lumerestaurante.com\/de\/#website\",\"url\":\"https:\/\/lumerestaurante.com\/de\/\",\"name\":\"Lume & Co\",\"description\":\"\",\"publisher\":{\"@id\":\"https:\/\/lumerestaurante.com\/de\/#organization\"},\"potentialAction\":[{\"@type\":\"SearchAction\",\"target\":{\"@type\":\"EntryPoint\",\"urlTemplate\":\"https:\/\/lumerestaurante.com\/de\/?s={search_term_string}\"},\"query-input\":{\"@type\":\"PropertyValueSpecification\",\"valueRequired\":true,\"valueName\":\"search_term_string\"}}],\"inLanguage\":\"de\"},{\"@type\":\"Organization\",\"@id\":\"https:\/\/lumerestaurante.com\/de\/#organization\",\"name\":\"Lume & Co\",\"url\":\"https:\/\/lumerestaurante.com\/de\/\",\"logo\":{\"@type\":\"ImageObject\",\"inLanguage\":\"de\",\"@id\":\"https:\/\/lumerestaurante.com\/de\/#\/schema\/logo\/image\/\",\"url\":\"https:\/\/lumerestaurante.com\/wp-content\/uploads\/2021\/03\/ParentLogo.svg\",\"contentUrl\":\"https:\/\/lumerestaurante.com\/wp-content\/uploads\/2021\/03\/ParentLogo.svg\",\"width\":120,\"height\":120,\"caption\":\"Lume & Co\"},\"image\":{\"@id\":\"https:\/\/lumerestaurante.com\/de\/#\/schema\/logo\/image\/\"},\"sameAs\":[\"https:\/\/www.facebook.com\/LumeAndCo\/\",\"https:\/\/www.instagram.com\/lumerestaurantemallorca\/?hl=en\"]},{\"@type\":\"Person\",\"@id\":\"https:\/\/lumerestaurante.com\/de\/#\/schema\/person\/b0e2b6dea2fbbe27a1fd2de7556bb564\",\"name\":\"admin\",\"sameAs\":[\"https:\/\/lumerestaurante.com\"],\"url\":\"https:\/\/lumerestaurante.com\/de\/author\/refineriadev\/\"}]}<\/script>\n<!-- \/ Yoast SEO plugin. -->","yoast_head_json":{"title":"Terrassen sind gekommen, um zu bleiben (das ganze Jahr \u00fcber) &#8212; Lume &amp; Co","robots":{"index":"index","follow":"follow","max-snippet":"max-snippet:-1","max-image-preview":"max-image-preview:large","max-video-preview":"max-video-preview:-1"},"canonical":"https:\/\/lumerestaurante.com\/de\/las-terrazas-han-llegado-para-quedarse-todo-el-ano\/","og_locale":"de_DE","og_type":"article","og_title":"Terrassen sind gekommen, um zu bleiben (das ganze Jahr \u00fcber) &#8212; Lume &amp; Co","og_description":"Terrassen wurden lange Zeit als nettes Extra betrachtet \u2013 etwas, das in bestimmten Jahreszeiten, vor allem im Sommer, G\u00e4ste anzog und alle Arten von Veranstaltungen erm\u00f6glichte. Die neue Normalit\u00e4t hat&hellip;","og_url":"https:\/\/lumerestaurante.com\/de\/las-terrazas-han-llegado-para-quedarse-todo-el-ano\/","og_site_name":"Lume &amp; Co","article_publisher":"https:\/\/www.facebook.com\/LumeAndCo\/","article_published_time":"2021-04-21T08:05:00+00:00","article_modified_time":"2025-06-23T10:18:37+00:00","og_image":[{"width":1920,"height":1080,"url":"https:\/\/lumerestaurante.com\/wp-content\/uploads\/2024\/11\/LUME-13-1-scaled-uai-2560x1440-1.jpg","type":"image\/jpeg"}],"author":"admin","twitter_card":"summary_large_image","twitter_misc":{"Verfasst von":"admin","Gesch\u00e4tzte Lesezeit":"3\u00a0Minuten"},"schema":{"@context":"https:\/\/schema.org","@graph":[{"@type":"Article","@id":"https:\/\/lumerestaurante.com\/de\/las-terrazas-han-llegado-para-quedarse-todo-el-ano\/#article","isPartOf":{"@id":"https:\/\/lumerestaurante.com\/de\/las-terrazas-han-llegado-para-quedarse-todo-el-ano\/"},"author":{"name":"admin","@id":"https:\/\/lumerestaurante.com\/de\/#\/schema\/person\/b0e2b6dea2fbbe27a1fd2de7556bb564"},"headline":"Terrassen sind gekommen, um zu bleiben (das ganze Jahr \u00fcber)","datePublished":"2021-04-21T08:05:00+00:00","dateModified":"2025-06-23T10:18:37+00:00","mainEntityOfPage":{"@id":"https:\/\/lumerestaurante.com\/de\/las-terrazas-han-llegado-para-quedarse-todo-el-ano\/"},"wordCount":609,"commentCount":0,"publisher":{"@id":"https:\/\/lumerestaurante.com\/de\/#organization"},"image":{"@id":"https:\/\/lumerestaurante.com\/de\/las-terrazas-han-llegado-para-quedarse-todo-el-ano\/#primaryimage"},"thumbnailUrl":"https:\/\/lumerestaurante.com\/wp-content\/uploads\/2024\/11\/LUME-13-1-scaled-uai-2560x1440-1.jpg","articleSection":["Unsere Produkte"],"inLanguage":"de","potentialAction":[{"@type":"CommentAction","name":"Comment","target":["https:\/\/lumerestaurante.com\/de\/las-terrazas-han-llegado-para-quedarse-todo-el-ano\/#respond"]}]},{"@type":"WebPage","@id":"https:\/\/lumerestaurante.com\/de\/las-terrazas-han-llegado-para-quedarse-todo-el-ano\/","url":"https:\/\/lumerestaurante.com\/de\/las-terrazas-han-llegado-para-quedarse-todo-el-ano\/","name":"Terrassen sind gekommen, um zu bleiben (das ganze Jahr \u00fcber) &#8212; Lume &amp; Co","isPartOf":{"@id":"https:\/\/lumerestaurante.com\/de\/#website"},"primaryImageOfPage":{"@id":"https:\/\/lumerestaurante.com\/de\/las-terrazas-han-llegado-para-quedarse-todo-el-ano\/#primaryimage"},"image":{"@id":"https:\/\/lumerestaurante.com\/de\/las-terrazas-han-llegado-para-quedarse-todo-el-ano\/#primaryimage"},"thumbnailUrl":"https:\/\/lumerestaurante.com\/wp-content\/uploads\/2024\/11\/LUME-13-1-scaled-uai-2560x1440-1.jpg","datePublished":"2021-04-21T08:05:00+00:00","dateModified":"2025-06-23T10:18:37+00:00","breadcrumb":{"@id":"https:\/\/lumerestaurante.com\/de\/las-terrazas-han-llegado-para-quedarse-todo-el-ano\/#breadcrumb"},"inLanguage":"de","potentialAction":[{"@type":"ReadAction","target":["https:\/\/lumerestaurante.com\/de\/las-terrazas-han-llegado-para-quedarse-todo-el-ano\/"]}]},{"@type":"ImageObject","inLanguage":"de","@id":"https:\/\/lumerestaurante.com\/de\/las-terrazas-han-llegado-para-quedarse-todo-el-ano\/#primaryimage","url":"https:\/\/lumerestaurante.com\/wp-content\/uploads\/2024\/11\/LUME-13-1-scaled-uai-2560x1440-1.jpg","contentUrl":"https:\/\/lumerestaurante.com\/wp-content\/uploads\/2024\/11\/LUME-13-1-scaled-uai-2560x1440-1.jpg","width":1920,"height":1080},{"@type":"BreadcrumbList","@id":"https:\/\/lumerestaurante.com\/de\/las-terrazas-han-llegado-para-quedarse-todo-el-ano\/#breadcrumb","itemListElement":[{"@type":"ListItem","position":1,"name":"Portada","item":"https:\/\/lumerestaurante.com\/de\/"},{"@type":"ListItem","position":2,"name":"Terrassen sind gekommen, um zu bleiben (das ganze Jahr \u00fcber)"}]},{"@type":"WebSite","@id":"https:\/\/lumerestaurante.com\/de\/#website","url":"https:\/\/lumerestaurante.com\/de\/","name":"Lume & Co","description":"","publisher":{"@id":"https:\/\/lumerestaurante.com\/de\/#organization"},"potentialAction":[{"@type":"SearchAction","target":{"@type":"EntryPoint","urlTemplate":"https:\/\/lumerestaurante.com\/de\/?s={search_term_string}"},"query-input":{"@type":"PropertyValueSpecification","valueRequired":true,"valueName":"search_term_string"}}],"inLanguage":"de"},{"@type":"Organization","@id":"https:\/\/lumerestaurante.com\/de\/#organization","name":"Lume & Co","url":"https:\/\/lumerestaurante.com\/de\/","logo":{"@type":"ImageObject","inLanguage":"de","@id":"https:\/\/lumerestaurante.com\/de\/#\/schema\/logo\/image\/","url":"https:\/\/lumerestaurante.com\/wp-content\/uploads\/2021\/03\/ParentLogo.svg","contentUrl":"https:\/\/lumerestaurante.com\/wp-content\/uploads\/2021\/03\/ParentLogo.svg","width":120,"height":120,"caption":"Lume & Co"},"image":{"@id":"https:\/\/lumerestaurante.com\/de\/#\/schema\/logo\/image\/"},"sameAs":["https:\/\/www.facebook.com\/LumeAndCo\/","https:\/\/www.instagram.com\/lumerestaurantemallorca\/?hl=en"]},{"@type":"Person","@id":"https:\/\/lumerestaurante.com\/de\/#\/schema\/person\/b0e2b6dea2fbbe27a1fd2de7556bb564","name":"admin","sameAs":["https:\/\/lumerestaurante.com"],"url":"https:\/\/lumerestaurante.com\/de\/author\/refineriadev\/"}]}},"_links":{"self":[{"href":"https:\/\/lumerestaurante.com\/de\/wp-json\/wp\/v2\/posts\/79756","targetHints":{"allow":["GET"]}}],"collection":[{"href":"https:\/\/lumerestaurante.com\/de\/wp-json\/wp\/v2\/posts"}],"about":[{"href":"https:\/\/lumerestaurante.com\/de\/wp-json\/wp\/v2\/types\/post"}],"author":[{"embeddable":true,"href":"https:\/\/lumerestaurante.com\/de\/wp-json\/wp\/v2\/users\/1"}],"replies":[{"embeddable":true,"href":"https:\/\/lumerestaurante.com\/de\/wp-json\/wp\/v2\/comments?post=79756"}],"version-history":[{"count":3,"href":"https:\/\/lumerestaurante.com\/de\/wp-json\/wp\/v2\/posts\/79756\/revisions"}],"predecessor-version":[{"id":79759,"href":"https:\/\/lumerestaurante.com\/de\/wp-json\/wp\/v2\/posts\/79756\/revisions\/79759"}],"wp:featuredmedia":[{"embeddable":true,"href":"https:\/\/lumerestaurante.com\/de\/wp-json\/wp\/v2\/media\/18954"}],"wp:attachment":[{"href":"https:\/\/lumerestaurante.com\/de\/wp-json\/wp\/v2\/media?parent=79756"}],"wp:term":[{"taxonomy":"category","embeddable":true,"href":"https:\/\/lumerestaurante.com\/de\/wp-json\/wp\/v2\/categories?post=79756"},{"taxonomy":"post_tag","embeddable":true,"href":"https:\/\/lumerestaurante.com\/de\/wp-json\/wp\/v2\/tags?post=79756"}],"curies":[{"name":"wp","href":"https:\/\/api.w.org\/{rel}","templated":true}]}}